{"id":10412,"date":"2023-09-14T10:28:32","date_gmt":"2023-09-14T08:28:32","guid":{"rendered":"https:\/\/opter.com\/?p=10412"},"modified":"2025-03-31T16:01:58","modified_gmt":"2025-03-31T14:01:58","slug":"mot-opter-pa-transport-logistikk-2023","status":"publish","type":"post","link":"https:\/\/opter.com\/no\/mot-opter-pa-transport-logistikk-2023\/","title":{"rendered":"M\u00f8t Opter p\u00e5 Transport &amp; Logistikk 2023"},"content":{"rendered":"<p class=\"Lead\">\n  Bes\u00f8k oss p\u00e5 messen og bli oppdatert med siste nytt om Opter.\n<\/p>\n\n\n\n\n<figure class=\"wp-block-image size-large\"><img loading=\"lazy\" decoding=\"async\" width=\"1024\" height=\"576\" src=\"https:\/\/opter.com\/wp-content\/uploads\/2023\/08\/transport-logistikk-2023-1600x900-2-1024x576.png\" alt=\"\" class=\"wp-image-10301\" srcset=\"https:\/\/opter.com\/wp-content\/uploads\/2023\/08\/transport-logistikk-2023-1600x900-2-1024x576.png 1024w, https:\/\/opter.com\/wp-content\/uploads\/2023\/08\/transport-logistikk-2023-1600x900-2-300x169.png 300w, https:\/\/opter.com\/wp-content\/uploads\/2023\/08\/transport-logistikk-2023-1600x900-2-768x432.png 768w, https:\/\/opter.com\/wp-content\/uploads\/2023\/08\/transport-logistikk-2023-1600x900-2-1536x864.png 1536w, https:\/\/opter.com\/wp-content\/uploads\/2023\/08\/transport-logistikk-2023-1600x900-2-1440x810.png 1440w, https:\/\/opter.com\/wp-content\/uploads\/2023\/08\/transport-logistikk-2023-1600x900-2.png 1600w\" sizes=\"auto, (max-width: 1024px) 100vw, 1024px\" \/><\/figure>\n\n\n\n<p>Vi er p\u00e5 messen i Nova Spektrum i Lillestr\u00f8m fra 28. til 30. september. Stikk innom standen v\u00e5r, C03-04. Har du sp\u00f8rsm\u00e5l rundt transportutfordringer, \u00f8nsker \u00e5 utveksle ideer eller bare vil f\u00e5 med deg siste nytt fra Opter og f\u00e5 informasjon om hvordan vi kan hjelpe nettopp din bedrift til \u00e5 bli mer effektiv med digitalisering og automatisering, er dette standen for deg.<\/p>\n\n\n\n<p><a href=\"https:\/\/transport-logistikk.no\/welcome-to-transport-and-logistics-2023\/\" target=\"_blank\" rel=\"noreferrer noopener\">Mer informasjon om billetter og \u00e5pningstider<\/a><\/p>\n","protected":false},"excerpt":{"rendered":"<p>Vi er p\u00e5 messen i Nova Spektrum i Lillestr\u00f8m&hellip;<\/p>\n","protected":false},"author":18,"featured_media":10409,"comment_status":"open","ping_status":"open","sticky":false,"template":"","format":"standard","meta":{"_acf_changed":false,"footnotes":""},"categories":[44],"tags":[],"class_list":["post-10412","post","type-post","status-publish","format-standard","has-post-thumbnail","hentry","category-nyheter"],"acf":[],"_links":{"self":[{"href":"https:\/\/opter.com\/no\/wp-json\/wp\/v2\/posts\/10412","targetHints":{"allow":["GET"]}}],"collection":[{"href":"https:\/\/opter.com\/no\/wp-json\/wp\/v2\/posts"}],"about":[{"href":"https:\/\/opter.com\/no\/wp-json\/wp\/v2\/types\/post"}],"author":[{"embeddable":true,"href":"https:\/\/opter.com\/no\/wp-json\/wp\/v2\/users\/18"}],"replies":[{"embeddable":true,"href":"https:\/\/opter.com\/no\/wp-json\/wp\/v2\/comments?post=10412"}],"version-history":[{"count":10,"href":"https:\/\/opter.com\/no\/wp-json\/wp\/v2\/posts\/10412\/revisions"}],"predecessor-version":[{"id":10443,"href":"https:\/\/opter.com\/no\/wp-json\/wp\/v2\/posts\/10412\/revisions\/10443"}],"wp:featuredmedia":[{"embeddable":true,"href":"https:\/\/opter.com\/no\/wp-json\/wp\/v2\/media\/10409"}],"wp:attachment":[{"href":"https:\/\/opter.com\/no\/wp-json\/wp\/v2\/media?parent=10412"}],"wp:term":[{"taxonomy":"category","embeddable":true,"href":"https:\/\/opter.com\/no\/wp-json\/wp\/v2\/categories?post=10412"},{"taxonomy":"post_tag","embeddable":true,"href":"https:\/\/opter.com\/no\/wp-json\/wp\/v2\/tags?post=10412"}],"curies":[{"name":"wp","href":"https:\/\/api.w.org\/{rel}","templated":true}]}}